{"id":4223,"date":"2021-12-03T10:17:24","date_gmt":"2021-12-03T10:17:24","guid":{"rendered":"https:\/\/www.sportnetz-ow.ch\/?p=4223"},"modified":"2021-12-03T14:29:58","modified_gmt":"2021-12-03T14:29:58","slug":"nformationsveranstaltung-ausbildung-und-sport","status":"publish","type":"post","link":"https:\/\/www.sportnetz-ow.ch\/index.php\/2021\/12\/03\/nformationsveranstaltung-ausbildung-und-sport\/","title":{"rendered":"Informationsveranstaltung Ausbildung und Sport"},"content":{"rendered":"<div class=\"copy-paste-block\">Anschliessend an die Gr\u00fcndungsversammlung des Sportnetz Obwalden fand die Informationsveranstaltung &#171;Ausbildung und Sport&#187; statt. Dabei gaben die Referenten einen breiten Einblick in diese Thematik im Kanton Obwalden. Rund 40 Zuh\u00f6rerinnen und Zuh\u00f6rer waren ins BWZ in Sarnen gekommen und informierten sich \u00fcber das Thema. So stellte Pascal Wolf, Projektleiter Sportnetz Obwalden die Ziele und die T\u00e4tigkeiten des Sportnetz Obwalden vor. Anschliessend zeigte Andrea Egli, Berufsberaterin vom Amt f\u00fcr Berufsbildung alle M\u00f6glichkeiten auf, die jungen Sportlerinnen und Sportler haben, um Ausbildung und Sport miteinander zu verbinden. Thilo Briel, Leiter Lehraufsicht des Amts f\u00fcr Berufsbildung stellte den Anwesenden das Konzept &#171;leistungssportfreundlicher Lehrbetrieb&#187; vor und erl\u00e4uterte, was Lernende und Betrieb erf\u00fcllen m\u00fcssen, um dieses Label, das von Swiss Olympic vergeben wird zu erhalten. Den Abschluss der Veranstaltung machte Simon Zberg, Biathlet und angehender Zeichner EFZ, sowie sein Betreuer Xhelajdin Avdiu vom Ingenieurb\u00fcr ZEO aus Alpnach. Simon ist einer der Lernenden in Obwalden der erfolgreich in einem leistungssportfreundlichen Lehrbetrieb arbeitet. Zusammen erz\u00e4hlten sie den Zuh\u00f6rern welche Erfahrungen sie mit diesem Modell gemacht haben.<\/div>\n<div class=\"copy-paste-block\">Das Sportnetz Obwalden und das Amt f\u00fcr Berufsbildung hoffen, dass mit diesem Anlass eine gewisse Sensibilisierung in diesem Thema erreicht werden kann und dass es in Zukunft noch mehr Ausbildungsm\u00f6glichkeiten f\u00fcr junge Sportlerinnen und Sportler vor Ort geben wird.<\/div>\n","protected":false},"excerpt":{"rendered":"<p>Anschliessend an die Gr\u00fcndungsversammlung des Sportnetz Obwalden fand die Informationsveranstaltung &#171;Ausbildung und Sport&#187; statt. Dabei gaben die Referenten einen breiten Einblick in diese Thematik im Kanton Obwalden. Rund 40 Zuh\u00f6rerinnen und Zuh\u00f6rer waren ins BWZ in Sarnen gekommen und informierten sich \u00fcber das Thema&#8230;<\/p>\n","protected":false},"author":1,"featured_media":4296,"comment_status":"closed","ping_status":"closed","sticky":false,"template":"","format":"standard","meta":{"_monsterinsights_skip_tracking":false,"_monsterinsights_sitenote_active":false,"_monsterinsights_sitenote_note":"","_monsterinsights_sitenote_category":0,"footnotes":""},"categories":[1],"tags":[],"class_list":["post-4223","post","type-post","status-publish","format-standard","has-post-thumbnail","hentry","category-allgemein","category-1","description-off"],"_links":{"self":[{"href":"https:\/\/www.sportnetz-ow.ch\/index.php\/wp-json\/wp\/v2\/posts\/4223","targetHints":{"allow":["GET"]}}],"collection":[{"href":"https:\/\/www.sportnetz-ow.ch\/index.php\/wp-json\/wp\/v2\/posts"}],"about":[{"href":"https:\/\/www.sportnetz-ow.ch\/index.php\/wp-json\/wp\/v2\/types\/post"}],"author":[{"embeddable":true,"href":"https:\/\/www.sportnetz-ow.ch\/index.php\/wp-json\/wp\/v2\/users\/1"}],"replies":[{"embeddable":true,"href":"https:\/\/www.sportnetz-ow.ch\/index.php\/wp-json\/wp\/v2\/comments?post=4223"}],"version-history":[{"count":2,"href":"https:\/\/www.sportnetz-ow.ch\/index.php\/wp-json\/wp\/v2\/posts\/4223\/revisions"}],"predecessor-version":[{"id":4225,"href":"https:\/\/www.sportnetz-ow.ch\/index.php\/wp-json\/wp\/v2\/posts\/4223\/revisions\/4225"}],"wp:featuredmedia":[{"embeddable":true,"href":"https:\/\/www.sportnetz-ow.ch\/index.php\/wp-json\/wp\/v2\/media\/4296"}],"wp:attachment":[{"href":"https:\/\/www.sportnetz-ow.ch\/index.php\/wp-json\/wp\/v2\/media?parent=4223"}],"wp:term":[{"taxonomy":"category","embeddable":true,"href":"https:\/\/www.sportnetz-ow.ch\/index.php\/wp-json\/wp\/v2\/categories?post=4223"},{"taxonomy":"post_tag","embeddable":true,"href":"https:\/\/www.sportnetz-ow.ch\/index.php\/wp-json\/wp\/v2\/tags?post=4223"}],"curies":[{"name":"wp","href":"https:\/\/api.w.org\/{rel}","templated":true}]}}