{"id":4226,"date":"2021-12-03T10:23:01","date_gmt":"2021-12-03T10:23:01","guid":{"rendered":"https:\/\/www.sportnetz-ow.ch\/?p=4226"},"modified":"2021-12-03T10:23:02","modified_gmt":"2021-12-03T10:23:02","slug":"verein-sportnetz-obwalden-gegruendet","status":"publish","type":"post","link":"https:\/\/www.sportnetz-ow.ch\/index.php\/2021\/12\/03\/verein-sportnetz-obwalden-gegruendet\/","title":{"rendered":"Verein Sportnetz Obwalden gegr\u00fcndet"},"content":{"rendered":"<div>In Anwesenheit von 14 Gr\u00fcndungsmitgliedern wurde der Verein Sportnetz Obwalden am 2. Dezember 2021 im BWZ Obwalden gegr\u00fcndet. Die Gr\u00fcndungsmitglieder f\u00fchrten die offizielle Gr\u00fcndung durch und verabschiedeten die Statuten.<\/div>\n<div><\/div>\n<div>In den Vorstand des Vereins wurden mit Erika Windlin, Urs Burch, Hans-Melk Reinhard, Andr\u00e9 R\u00f6thlin und Bruno Th\u00fcrig f\u00fcnf Personen gew\u00e4hlt die in den Bereichen Bildung, Wirtschaft und Sport im Kanton Obwalden bestens vernetzt sind. Bruno Th\u00fcrig wird ab Juli 2022 das Amt des Pr\u00e4sidenten \u00fcbernehmen. Bis dahin wird der Vorstand von Vizepr\u00e4sident Hans-Melk Reinhard interimistisch gef\u00fchrt. Als Gesch\u00e4ftsf\u00fchrer\/Projektleiter wurde Pascal Wolf gew\u00e4hlt.<\/div>\n<div>Der Verein Sportnetz Obwalden bezweckt die F\u00f6rderung der Vereinbarkeit von Ausbildung und leitungsorientiertem Sport.<\/div>\n","protected":false},"excerpt":{"rendered":"<p>In Anwesenheit von 14 Gr\u00fcndungsmitgliedern wurde der Verein Sportnetz Obwalden am 2. Dezember 2021 im BWZ Obwalden gegr\u00fcndet. Die Gr\u00fcndungsmitglieder f\u00fchrten die offizielle Gr\u00fcndung durch und verabschiedeten die Statuten. In den Vorstand des Vereins wurden mit Erika Windlin, Urs Burch, Hans-Melk Reinhard, Andr\u00e9 R\u00f6thlin und Bruno Th\u00fcrig f\u00fcnf Personen gew\u00e4hlt die in den Bereichen Bildung,&hellip;<\/p>\n","protected":false},"author":1,"featured_media":4222,"comment_status":"closed","ping_status":"closed","sticky":false,"template":"","format":"standard","meta":{"_monsterinsights_skip_tracking":false,"_monsterinsights_sitenote_active":false,"_monsterinsights_sitenote_note":"","_monsterinsights_sitenote_category":0,"footnotes":""},"categories":[1],"tags":[],"class_list":["post-4226","post","type-post","status-publish","format-standard","has-post-thumbnail","hentry","category-allgemein","category-1","description-off"],"_links":{"self":[{"href":"https:\/\/www.sportnetz-ow.ch\/index.php\/wp-json\/wp\/v2\/posts\/4226","targetHints":{"allow":["GET"]}}],"collection":[{"href":"https:\/\/www.sportnetz-ow.ch\/index.php\/wp-json\/wp\/v2\/posts"}],"about":[{"href":"https:\/\/www.sportnetz-ow.ch\/index.php\/wp-json\/wp\/v2\/types\/post"}],"author":[{"embeddable":true,"href":"https:\/\/www.sportnetz-ow.ch\/index.php\/wp-json\/wp\/v2\/users\/1"}],"replies":[{"embeddable":true,"href":"https:\/\/www.sportnetz-ow.ch\/index.php\/wp-json\/wp\/v2\/comments?post=4226"}],"version-history":[{"count":1,"href":"https:\/\/www.sportnetz-ow.ch\/index.php\/wp-json\/wp\/v2\/posts\/4226\/revisions"}],"predecessor-version":[{"id":4227,"href":"https:\/\/www.sportnetz-ow.ch\/index.php\/wp-json\/wp\/v2\/posts\/4226\/revisions\/4227"}],"wp:featuredmedia":[{"embeddable":true,"href":"https:\/\/www.sportnetz-ow.ch\/index.php\/wp-json\/wp\/v2\/media\/4222"}],"wp:attachment":[{"href":"https:\/\/www.sportnetz-ow.ch\/index.php\/wp-json\/wp\/v2\/media?parent=4226"}],"wp:term":[{"taxonomy":"category","embeddable":true,"href":"https:\/\/www.sportnetz-ow.ch\/index.php\/wp-json\/wp\/v2\/categories?post=4226"},{"taxonomy":"post_tag","embeddable":true,"href":"https:\/\/www.sportnetz-ow.ch\/index.php\/wp-json\/wp\/v2\/tags?post=4226"}],"curies":[{"name":"wp","href":"https:\/\/api.w.org\/{rel}","templated":true}]}}